{"id":5541,"date":"2025-12-10T13:42:59","date_gmt":"2025-12-10T12:42:59","guid":{"rendered":"http:\/\/prim-st-sauveur.ac-besancon.fr\/?p=5541"},"modified":"2025-12-10T13:48:53","modified_gmt":"2025-12-10T12:48:53","slug":"marche-de-noel-un-grand-merci","status":"publish","type":"post","link":"http:\/\/prim-st-sauveur.ac-besancon.fr\/?p=5541","title":{"rendered":"March\u00e9 de No\u00ebl &#8211; Un grand Merci !"},"content":{"rendered":"<p class=\"whitespace-break-spaces\" dir=\"auto\">Le March\u00e9 de No\u00ebl de l\u2019\u00e9cole\u00a0 a \u00e9t\u00e9 un v\u00e9ritable succ\u00e8s gr\u00e2ce \u00e0 l\u2019\u00e9nergie, la cr\u00e9ativit\u00e9 et la g\u00e9n\u00e9rosit\u00e9 de tous. Entre rires, gourmandises et d\u00e9corations scintillantes, cette fin de journ\u00e9e\u00a0 n\u2019aurait pas pu exister sans vous. Merci du fond du c\u0153ur pour votre engagement et votre enthousiasme<\/p>\n<p class=\"whitespace-break-spaces\" dir=\"auto\"><strong>Des moments de partage et de solidarit\u00e9<\/strong> Le March\u00e9 de No\u00ebl, c\u2019est bien plus qu\u2019une simple vente : c\u2019est l\u2019occasion de se retrouver, de partager et de c\u00e9l\u00e9brer l\u2019esprit de No\u00ebl ensemble. Gr\u00e2ce \u00e0 vous, les enfants ont pu d\u00e9couvrir la joie de donner et de recevoir, tout en soutenant des projets \u00e9ducatifs et solidaires. Chaque g\u00e2teau vendu, chaque d\u00e9coration achet\u00e9e, chaque sourire \u00e9chang\u00e9 a contribu\u00e9 \u00e0 renforcer les liens au sein de notre communaut\u00e9 scolaire.<\/p>\n<div id='gallery-1' class='gallery galleryid-5541 gallery-columns-5 gallery-size-medium'><figure class='gallery-item'>\n\t\t\t<div class='gallery-icon portrait'>\n\t\t\t\t<a href='http:\/\/prim-st-sauveur.ac-besancon.fr\/wp-content\/uploads\/sites\/21\/2025\/12\/IMG_1459.jpg' title=\"\" data-rl_title=\"\" class=\"rl-gallery-link\" data-rl_caption=\"\" data-rel=\"lightbox-gallery-1\"><img loading=\"lazy\" decoding=\"async\" width=\"225\" height=\"300\" src=\"http:\/\/prim-st-sauveur.ac-besancon.fr\/wp-content\/uploads\/sites\/21\/2025\/12\/IMG_1459-225x300.jpg\" class=\"attachment-medium size-medium\" alt=\"\" srcset=\"http:\/\/prim-st-sauveur.ac-besancon.fr\/wp-content\/uploads\/sites\/21\/2025\/12\/IMG_1459-225x300.jpg 225w, http:\/\/prim-st-sauveur.ac-besancon.fr\/wp-content\/uploads\/sites\/21\/2025\/12\/IMG_1459.jpg 480w\" sizes=\"auto, (max-width: 225px) 100vw, 225px\" \/><\/a>\n\t\t\t<\/div><\/figure><figure class='gallery-item'>\n\t\t\t<div class='gallery-icon portrait'>\n\t\t\t\t<a href='http:\/\/prim-st-sauveur.ac-besancon.fr\/wp-content\/uploads\/sites\/21\/2025\/12\/IMG_1458.jpg' title=\"\" data-rl_title=\"\" class=\"rl-gallery-link\" data-rl_caption=\"\" data-rel=\"lightbox-gallery-1\"><img loading=\"lazy\" decoding=\"async\" width=\"225\" height=\"300\" src=\"http:\/\/prim-st-sauveur.ac-besancon.fr\/wp-content\/uploads\/sites\/21\/2025\/12\/IMG_1458-225x300.jpg\" class=\"attachment-medium size-medium\" alt=\"\" srcset=\"http:\/\/prim-st-sauveur.ac-besancon.fr\/wp-content\/uploads\/sites\/21\/2025\/12\/IMG_1458-225x300.jpg 225w, http:\/\/prim-st-sauveur.ac-besancon.fr\/wp-content\/uploads\/sites\/21\/2025\/12\/IMG_1458.jpg 480w\" sizes=\"auto, (max-width: 225px) 100vw, 225px\" \/><\/a>\n\t\t\t<\/div><\/figure><figure class='gallery-item'>\n\t\t\t<div class='gallery-icon portrait'>\n\t\t\t\t<a href='http:\/\/prim-st-sauveur.ac-besancon.fr\/wp-content\/uploads\/sites\/21\/2025\/12\/IMG_1457.jpg' title=\"\" data-rl_title=\"\" class=\"rl-gallery-link\" data-rl_caption=\"\" data-rel=\"lightbox-gallery-1\"><img loading=\"lazy\" decoding=\"async\" width=\"225\" height=\"300\" src=\"http:\/\/prim-st-sauveur.ac-besancon.fr\/wp-content\/uploads\/sites\/21\/2025\/12\/IMG_1457-225x300.jpg\" class=\"attachment-medium size-medium\" alt=\"\" srcset=\"http:\/\/prim-st-sauveur.ac-besancon.fr\/wp-content\/uploads\/sites\/21\/2025\/12\/IMG_1457-225x300.jpg 225w, http:\/\/prim-st-sauveur.ac-besancon.fr\/wp-content\/uploads\/sites\/21\/2025\/12\/IMG_1457.jpg 480w\" sizes=\"auto, (max-width: 225px) 100vw, 225px\" \/><\/a>\n\t\t\t<\/div><\/figure><figure class='gallery-item'>\n\t\t\t<div class='gallery-icon portrait'>\n\t\t\t\t<a href='http:\/\/prim-st-sauveur.ac-besancon.fr\/wp-content\/uploads\/sites\/21\/2025\/12\/IMG_1456.jpg' title=\"\" data-rl_title=\"\" class=\"rl-gallery-link\" data-rl_caption=\"\" data-rel=\"lightbox-gallery-1\"><img loading=\"lazy\" decoding=\"async\" width=\"225\" height=\"300\" src=\"http:\/\/prim-st-sauveur.ac-besancon.fr\/wp-content\/uploads\/sites\/21\/2025\/12\/IMG_1456-225x300.jpg\" class=\"attachment-medium size-medium\" alt=\"\" srcset=\"http:\/\/prim-st-sauveur.ac-besancon.fr\/wp-content\/uploads\/sites\/21\/2025\/12\/IMG_1456-225x300.jpg 225w, http:\/\/prim-st-sauveur.ac-besancon.fr\/wp-content\/uploads\/sites\/21\/2025\/12\/IMG_1456.jpg 480w\" sizes=\"auto, (max-width: 225px) 100vw, 225px\" \/><\/a>\n\t\t\t<\/div><\/figure><figure class='gallery-item'>\n\t\t\t<div class='gallery-icon portrait'>\n\t\t\t\t<a href='http:\/\/prim-st-sauveur.ac-besancon.fr\/wp-content\/uploads\/sites\/21\/2025\/12\/IMG_1455.jpg' title=\"\" data-rl_title=\"\" class=\"rl-gallery-link\" data-rl_caption=\"\" data-rel=\"lightbox-gallery-1\"><img loading=\"lazy\" decoding=\"async\" width=\"225\" height=\"300\" src=\"http:\/\/prim-st-sauveur.ac-besancon.fr\/wp-content\/uploads\/sites\/21\/2025\/12\/IMG_1455-225x300.jpg\" class=\"attachment-medium size-medium\" alt=\"\" srcset=\"http:\/\/prim-st-sauveur.ac-besancon.fr\/wp-content\/uploads\/sites\/21\/2025\/12\/IMG_1455-225x300.jpg 225w, http:\/\/prim-st-sauveur.ac-besancon.fr\/wp-content\/uploads\/sites\/21\/2025\/12\/IMG_1455.jpg 480w\" sizes=\"auto, (max-width: 225px) 100vw, 225px\" \/><\/a>\n\t\t\t<\/div><\/figure><figure class='gallery-item'>\n\t\t\t<div class='gallery-icon landscape'>\n\t\t\t\t<a href='http:\/\/prim-st-sauveur.ac-besancon.fr\/wp-content\/uploads\/sites\/21\/2025\/12\/IMG_1454.jpg' title=\"\" data-rl_title=\"\" class=\"rl-gallery-link\" data-rl_caption=\"\" data-rel=\"lightbox-gallery-1\"><img loading=\"lazy\" decoding=\"async\" width=\"300\" height=\"225\" src=\"http:\/\/prim-st-sauveur.ac-besancon.fr\/wp-content\/uploads\/sites\/21\/2025\/12\/IMG_1454-300x225.jpg\" class=\"attachment-medium size-medium\" alt=\"\" srcset=\"http:\/\/prim-st-sauveur.ac-besancon.fr\/wp-content\/uploads\/sites\/21\/2025\/12\/IMG_1454-300x225.jpg 300w, http:\/\/prim-st-sauveur.ac-besancon.fr\/wp-content\/uploads\/sites\/21\/2025\/12\/IMG_1454.jpg 640w\" sizes=\"auto, (max-width: 300px) 100vw, 300px\" \/><\/a>\n\t\t\t<\/div><\/figure><figure class='gallery-item'>\n\t\t\t<div class='gallery-icon landscape'>\n\t\t\t\t<a href='http:\/\/prim-st-sauveur.ac-besancon.fr\/wp-content\/uploads\/sites\/21\/2025\/12\/IMG_1453.jpg' title=\"\" data-rl_title=\"\" class=\"rl-gallery-link\" data-rl_caption=\"\" data-rel=\"lightbox-gallery-1\"><img loading=\"lazy\" decoding=\"async\" width=\"300\" height=\"225\" src=\"http:\/\/prim-st-sauveur.ac-besancon.fr\/wp-content\/uploads\/sites\/21\/2025\/12\/IMG_1453-300x225.jpg\" class=\"attachment-medium size-medium\" alt=\"\" srcset=\"http:\/\/prim-st-sauveur.ac-besancon.fr\/wp-content\/uploads\/sites\/21\/2025\/12\/IMG_1453-300x225.jpg 300w, http:\/\/prim-st-sauveur.ac-besancon.fr\/wp-content\/uploads\/sites\/21\/2025\/12\/IMG_1453.jpg 640w\" sizes=\"auto, (max-width: 300px) 100vw, 300px\" \/><\/a>\n\t\t\t<\/div><\/figure><figure class='gallery-item'>\n\t\t\t<div class='gallery-icon portrait'>\n\t\t\t\t<a href='http:\/\/prim-st-sauveur.ac-besancon.fr\/wp-content\/uploads\/sites\/21\/2025\/12\/IMG_1452.jpg' title=\"\" data-rl_title=\"\" class=\"rl-gallery-link\" data-rl_caption=\"\" data-rel=\"lightbox-gallery-1\"><img loading=\"lazy\" decoding=\"async\" width=\"225\" height=\"300\" src=\"http:\/\/prim-st-sauveur.ac-besancon.fr\/wp-content\/uploads\/sites\/21\/2025\/12\/IMG_1452-225x300.jpg\" class=\"attachment-medium size-medium\" alt=\"\" srcset=\"http:\/\/prim-st-sauveur.ac-besancon.fr\/wp-content\/uploads\/sites\/21\/2025\/12\/IMG_1452-225x300.jpg 225w, http:\/\/prim-st-sauveur.ac-besancon.fr\/wp-content\/uploads\/sites\/21\/2025\/12\/IMG_1452.jpg 480w\" sizes=\"auto, (max-width: 225px) 100vw, 225px\" \/><\/a>\n\t\t\t<\/div><\/figure><figure class='gallery-item'>\n\t\t\t<div class='gallery-icon portrait'>\n\t\t\t\t<a href='http:\/\/prim-st-sauveur.ac-besancon.fr\/wp-content\/uploads\/sites\/21\/2025\/12\/IMG_1451.jpg' title=\"\" data-rl_title=\"\" class=\"rl-gallery-link\" data-rl_caption=\"\" data-rel=\"lightbox-gallery-1\"><img loading=\"lazy\" decoding=\"async\" width=\"225\" height=\"300\" src=\"http:\/\/prim-st-sauveur.ac-besancon.fr\/wp-content\/uploads\/sites\/21\/2025\/12\/IMG_1451-225x300.jpg\" class=\"attachment-medium size-medium\" alt=\"\" srcset=\"http:\/\/prim-st-sauveur.ac-besancon.fr\/wp-content\/uploads\/sites\/21\/2025\/12\/IMG_1451-225x300.jpg 225w, http:\/\/prim-st-sauveur.ac-besancon.fr\/wp-content\/uploads\/sites\/21\/2025\/12\/IMG_1451.jpg 480w\" sizes=\"auto, (max-width: 225px) 100vw, 225px\" \/><\/a>\n\t\t\t<\/div><\/figure><figure class='gallery-item'>\n\t\t\t<div class='gallery-icon portrait'>\n\t\t\t\t<a href='http:\/\/prim-st-sauveur.ac-besancon.fr\/wp-content\/uploads\/sites\/21\/2025\/12\/IMG_1449.jpg' title=\"\" data-rl_title=\"\" class=\"rl-gallery-link\" data-rl_caption=\"\" data-rel=\"lightbox-gallery-1\"><img loading=\"lazy\" decoding=\"async\" width=\"225\" height=\"300\" src=\"http:\/\/prim-st-sauveur.ac-besancon.fr\/wp-content\/uploads\/sites\/21\/2025\/12\/IMG_1449-225x300.jpg\" class=\"attachment-medium size-medium\" alt=\"\" srcset=\"http:\/\/prim-st-sauveur.ac-besancon.fr\/wp-content\/uploads\/sites\/21\/2025\/12\/IMG_1449-225x300.jpg 225w, http:\/\/prim-st-sauveur.ac-besancon.fr\/wp-content\/uploads\/sites\/21\/2025\/12\/IMG_1449.jpg 480w\" sizes=\"auto, (max-width: 225px) 100vw, 225px\" \/><\/a>\n\t\t\t<\/div><\/figure><figure class='gallery-item'>\n\t\t\t<div class='gallery-icon portrait'>\n\t\t\t\t<a href='http:\/\/prim-st-sauveur.ac-besancon.fr\/wp-content\/uploads\/sites\/21\/2025\/12\/IMG_1448.jpg' title=\"\" data-rl_title=\"\" class=\"rl-gallery-link\" data-rl_caption=\"\" data-rel=\"lightbox-gallery-1\"><img loading=\"lazy\" decoding=\"async\" width=\"225\" height=\"300\" src=\"http:\/\/prim-st-sauveur.ac-besancon.fr\/wp-content\/uploads\/sites\/21\/2025\/12\/IMG_1448-225x300.jpg\" class=\"attachment-medium size-medium\" alt=\"\" srcset=\"http:\/\/prim-st-sauveur.ac-besancon.fr\/wp-content\/uploads\/sites\/21\/2025\/12\/IMG_1448-225x300.jpg 225w, http:\/\/prim-st-sauveur.ac-besancon.fr\/wp-content\/uploads\/sites\/21\/2025\/12\/IMG_1448.jpg 480w\" sizes=\"auto, (max-width: 225px) 100vw, 225px\" \/><\/a>\n\t\t\t<\/div><\/figure><figure class='gallery-item'>\n\t\t\t<div class='gallery-icon portrait'>\n\t\t\t\t<a href='http:\/\/prim-st-sauveur.ac-besancon.fr\/wp-content\/uploads\/sites\/21\/2025\/12\/IMG_1447.jpg' title=\"\" data-rl_title=\"\" class=\"rl-gallery-link\" data-rl_caption=\"\" data-rel=\"lightbox-gallery-1\"><img loading=\"lazy\" decoding=\"async\" width=\"225\" height=\"300\" src=\"http:\/\/prim-st-sauveur.ac-besancon.fr\/wp-content\/uploads\/sites\/21\/2025\/12\/IMG_1447-225x300.jpg\" class=\"attachment-medium size-medium\" alt=\"\" srcset=\"http:\/\/prim-st-sauveur.ac-besancon.fr\/wp-content\/uploads\/sites\/21\/2025\/12\/IMG_1447-225x300.jpg 225w, http:\/\/prim-st-sauveur.ac-besancon.fr\/wp-content\/uploads\/sites\/21\/2025\/12\/IMG_1447.jpg 480w\" sizes=\"auto, (max-width: 225px) 100vw, 225px\" \/><\/a>\n\t\t\t<\/div><\/figure><figure class='gallery-item'>\n\t\t\t<div class='gallery-icon portrait'>\n\t\t\t\t<a href='http:\/\/prim-st-sauveur.ac-besancon.fr\/wp-content\/uploads\/sites\/21\/2025\/12\/IMG_1446.jpg' title=\"\" data-rl_title=\"\" class=\"rl-gallery-link\" data-rl_caption=\"\" data-rel=\"lightbox-gallery-1\"><img loading=\"lazy\" decoding=\"async\" width=\"225\" height=\"300\" src=\"http:\/\/prim-st-sauveur.ac-besancon.fr\/wp-content\/uploads\/sites\/21\/2025\/12\/IMG_1446-225x300.jpg\" class=\"attachment-medium size-medium\" alt=\"\" srcset=\"http:\/\/prim-st-sauveur.ac-besancon.fr\/wp-content\/uploads\/sites\/21\/2025\/12\/IMG_1446-225x300.jpg 225w, http:\/\/prim-st-sauveur.ac-besancon.fr\/wp-content\/uploads\/sites\/21\/2025\/12\/IMG_1446.jpg 480w\" sizes=\"auto, (max-width: 225px) 100vw, 225px\" \/><\/a>\n\t\t\t<\/div><\/figure><figure class='gallery-item'>\n\t\t\t<div class='gallery-icon portrait'>\n\t\t\t\t<a href='http:\/\/prim-st-sauveur.ac-besancon.fr\/wp-content\/uploads\/sites\/21\/2025\/12\/IMG_1445.jpg' title=\"\" data-rl_title=\"\" class=\"rl-gallery-link\" data-rl_caption=\"\" data-rel=\"lightbox-gallery-1\"><img loading=\"lazy\" decoding=\"async\" width=\"225\" height=\"300\" src=\"http:\/\/prim-st-sauveur.ac-besancon.fr\/wp-content\/uploads\/sites\/21\/2025\/12\/IMG_1445-225x300.jpg\" class=\"attachment-medium size-medium\" alt=\"\" srcset=\"http:\/\/prim-st-sauveur.ac-besancon.fr\/wp-content\/uploads\/sites\/21\/2025\/12\/IMG_1445-225x300.jpg 225w, http:\/\/prim-st-sauveur.ac-besancon.fr\/wp-content\/uploads\/sites\/21\/2025\/12\/IMG_1445.jpg 480w\" sizes=\"auto, (max-width: 225px) 100vw, 225px\" \/><\/a>\n\t\t\t<\/div><\/figure>\n\t\t<\/div>\n\n<p class=\"whitespace-break-spaces\" dir=\"auto\"><strong>Un merci sp\u00e9cial\u2026<\/strong> Un coup de projecteur particulier pour :<\/p>\n<ul>\n<li>Les parents qui ont coordonn\u00e9 les \u00e9quipes et veill\u00e9 \u00e0 ce que tout se passe comme sur des roulettes.<\/li>\n<li>Ceux qui ont pass\u00e9 des nuits \u00e0 cuisiner des douceurs pour le plus grand plaisir de tous.<\/li>\n<li>Ceux qui ont bricol\u00e9, coll\u00e9, peint et imagin\u00e9 des d\u00e9corations pour \u00e9merveiller les enfants.<\/li>\n<li>Et enfin, ceux qui ont \u00e9t\u00e9 pr\u00e9sents le jour J, pr\u00eats \u00e0 aider o\u00f9 que ce soit, avec une bonne humeur contagieuse !<\/li>\n<\/ul>\n<div id='gallery-2' class='gallery galleryid-5541 gallery-columns-3 gallery-size-medium'><figure class='gallery-item'>\n\t\t\t<div class='gallery-icon landscape'>\n\t\t\t\t<a href='http:\/\/prim-st-sauveur.ac-besancon.fr\/wp-content\/uploads\/sites\/21\/2025\/12\/IMG_1461.jpg' title=\"\" data-rl_title=\"\" class=\"rl-gallery-link\" data-rl_caption=\"\" data-rel=\"lightbox-gallery-2\"><img loading=\"lazy\" decoding=\"async\" width=\"300\" height=\"225\" src=\"http:\/\/prim-st-sauveur.ac-besancon.fr\/wp-content\/uploads\/sites\/21\/2025\/12\/IMG_1461-300x225.jpg\" class=\"attachment-medium size-medium\" alt=\"\" srcset=\"http:\/\/prim-st-sauveur.ac-besancon.fr\/wp-content\/uploads\/sites\/21\/2025\/12\/IMG_1461-300x225.jpg 300w, http:\/\/prim-st-sauveur.ac-besancon.fr\/wp-content\/uploads\/sites\/21\/2025\/12\/IMG_1461.jpg 640w\" sizes=\"auto, (max-width: 300px) 100vw, 300px\" \/><\/a>\n\t\t\t<\/div><\/figure><figure class='gallery-item'>\n\t\t\t<div class='gallery-icon landscape'>\n\t\t\t\t<a href='http:\/\/prim-st-sauveur.ac-besancon.fr\/wp-content\/uploads\/sites\/21\/2025\/12\/IMG_1462.jpg' title=\"\" data-rl_title=\"\" class=\"rl-gallery-link\" data-rl_caption=\"\" data-rel=\"lightbox-gallery-2\"><img loading=\"lazy\" decoding=\"async\" width=\"300\" height=\"225\" src=\"http:\/\/prim-st-sauveur.ac-besancon.fr\/wp-content\/uploads\/sites\/21\/2025\/12\/IMG_1462-300x225.jpg\" class=\"attachment-medium size-medium\" alt=\"\" srcset=\"http:\/\/prim-st-sauveur.ac-besancon.fr\/wp-content\/uploads\/sites\/21\/2025\/12\/IMG_1462-300x225.jpg 300w, http:\/\/prim-st-sauveur.ac-besancon.fr\/wp-content\/uploads\/sites\/21\/2025\/12\/IMG_1462.jpg 640w\" sizes=\"auto, (max-width: 300px) 100vw, 300px\" \/><\/a>\n\t\t\t<\/div><\/figure><figure class='gallery-item'>\n\t\t\t<div class='gallery-icon landscape'>\n\t\t\t\t<a href='http:\/\/prim-st-sauveur.ac-besancon.fr\/wp-content\/uploads\/sites\/21\/2025\/12\/IMG_1460.jpg' title=\"\" data-rl_title=\"\" class=\"rl-gallery-link\" data-rl_caption=\"\" data-rel=\"lightbox-gallery-2\"><img loading=\"lazy\" decoding=\"async\" width=\"300\" height=\"225\" src=\"http:\/\/prim-st-sauveur.ac-besancon.fr\/wp-content\/uploads\/sites\/21\/2025\/12\/IMG_1460-300x225.jpg\" class=\"attachment-medium size-medium\" alt=\"\" srcset=\"http:\/\/prim-st-sauveur.ac-besancon.fr\/wp-content\/uploads\/sites\/21\/2025\/12\/IMG_1460-300x225.jpg 300w, http:\/\/prim-st-sauveur.ac-besancon.fr\/wp-content\/uploads\/sites\/21\/2025\/12\/IMG_1460.jpg 640w\" sizes=\"auto, (max-width: 300px) 100vw, 300px\" \/><\/a>\n\t\t\t<\/div><\/figure><figure class='gallery-item'>\n\t\t\t<div class='gallery-icon landscape'>\n\t\t\t\t<a href='http:\/\/prim-st-sauveur.ac-besancon.fr\/wp-content\/uploads\/sites\/21\/2025\/12\/IMG_1463.jpg' title=\"\" data-rl_title=\"\" class=\"rl-gallery-link\" data-rl_caption=\"\" data-rel=\"lightbox-gallery-2\"><img loading=\"lazy\" decoding=\"async\" width=\"300\" height=\"225\" src=\"http:\/\/prim-st-sauveur.ac-besancon.fr\/wp-content\/uploads\/sites\/21\/2025\/12\/IMG_1463-300x225.jpg\" class=\"attachment-medium size-medium\" alt=\"\" srcset=\"http:\/\/prim-st-sauveur.ac-besancon.fr\/wp-content\/uploads\/sites\/21\/2025\/12\/IMG_1463-300x225.jpg 300w, http:\/\/prim-st-sauveur.ac-besancon.fr\/wp-content\/uploads\/sites\/21\/2025\/12\/IMG_1463.jpg 640w\" sizes=\"auto, (max-width: 300px) 100vw, 300px\" \/><\/a>\n\t\t\t<\/div><\/figure><figure class='gallery-item'>\n\t\t\t<div class='gallery-icon landscape'>\n\t\t\t\t<a href='http:\/\/prim-st-sauveur.ac-besancon.fr\/wp-content\/uploads\/sites\/21\/2025\/12\/IMG_1464.jpg' title=\"\" data-rl_title=\"\" class=\"rl-gallery-link\" data-rl_caption=\"\" data-rel=\"lightbox-gallery-2\"><img loading=\"lazy\" decoding=\"async\" width=\"300\" height=\"225\" src=\"http:\/\/prim-st-sauveur.ac-besancon.fr\/wp-content\/uploads\/sites\/21\/2025\/12\/IMG_1464-300x225.jpg\" class=\"attachment-medium size-medium\" alt=\"\" srcset=\"http:\/\/prim-st-sauveur.ac-besancon.fr\/wp-content\/uploads\/sites\/21\/2025\/12\/IMG_1464-300x225.jpg 300w, http:\/\/prim-st-sauveur.ac-besancon.fr\/wp-content\/uploads\/sites\/21\/2025\/12\/IMG_1464.jpg 640w\" sizes=\"auto, (max-width: 300px) 100vw, 300px\" \/><\/a>\n\t\t\t<\/div><\/figure><figure class='gallery-item'>\n\t\t\t<div class='gallery-icon landscape'>\n\t\t\t\t<a href='http:\/\/prim-st-sauveur.ac-besancon.fr\/wp-content\/uploads\/sites\/21\/2025\/12\/IMG_1465.jpg' title=\"\" data-rl_title=\"\" class=\"rl-gallery-link\" data-rl_caption=\"\" data-rel=\"lightbox-gallery-2\"><img loading=\"lazy\" decoding=\"async\" width=\"300\" height=\"225\" src=\"http:\/\/prim-st-sauveur.ac-besancon.fr\/wp-content\/uploads\/sites\/21\/2025\/12\/IMG_1465-300x225.jpg\" class=\"attachment-medium size-medium\" alt=\"\" srcset=\"http:\/\/prim-st-sauveur.ac-besancon.fr\/wp-content\/uploads\/sites\/21\/2025\/12\/IMG_1465-300x225.jpg 300w, http:\/\/prim-st-sauveur.ac-besancon.fr\/wp-content\/uploads\/sites\/21\/2025\/12\/IMG_1465.jpg 640w\" sizes=\"auto, (max-width: 300px) 100vw, 300px\" \/><\/a>\n\t\t\t<\/div><\/figure><figure class='gallery-item'>\n\t\t\t<div class='gallery-icon landscape'>\n\t\t\t\t<a href='http:\/\/prim-st-sauveur.ac-besancon.fr\/wp-content\/uploads\/sites\/21\/2025\/12\/IMG_1466.jpg' title=\"\" data-rl_title=\"\" class=\"rl-gallery-link\" data-rl_caption=\"\" data-rel=\"lightbox-gallery-2\"><img loading=\"lazy\" decoding=\"async\" width=\"300\" height=\"225\" src=\"http:\/\/prim-st-sauveur.ac-besancon.fr\/wp-content\/uploads\/sites\/21\/2025\/12\/IMG_1466-300x225.jpg\" class=\"attachment-medium size-medium\" alt=\"\" srcset=\"http:\/\/prim-st-sauveur.ac-besancon.fr\/wp-content\/uploads\/sites\/21\/2025\/12\/IMG_1466-300x225.jpg 300w, http:\/\/prim-st-sauveur.ac-besancon.fr\/wp-content\/uploads\/sites\/21\/2025\/12\/IMG_1466.jpg 640w\" sizes=\"auto, (max-width: 300px) 100vw, 300px\" \/><\/a>\n\t\t\t<\/div><\/figure><figure class='gallery-item'>\n\t\t\t<div class='gallery-icon landscape'>\n\t\t\t\t<a href='http:\/\/prim-st-sauveur.ac-besancon.fr\/wp-content\/uploads\/sites\/21\/2025\/12\/IMG_1467.jpg' title=\"\" data-rl_title=\"\" class=\"rl-gallery-link\" data-rl_caption=\"\" data-rel=\"lightbox-gallery-2\"><img loading=\"lazy\" decoding=\"async\" width=\"300\" height=\"225\" src=\"http:\/\/prim-st-sauveur.ac-besancon.fr\/wp-content\/uploads\/sites\/21\/2025\/12\/IMG_1467-300x225.jpg\" class=\"attachment-medium size-medium\" alt=\"\" srcset=\"http:\/\/prim-st-sauveur.ac-besancon.fr\/wp-content\/uploads\/sites\/21\/2025\/12\/IMG_1467-300x225.jpg 300w, http:\/\/prim-st-sauveur.ac-besancon.fr\/wp-content\/uploads\/sites\/21\/2025\/12\/IMG_1467.jpg 640w\" sizes=\"auto, (max-width: 300px) 100vw, 300px\" \/><\/a>\n\t\t\t<\/div><\/figure><figure class='gallery-item'>\n\t\t\t<div class='gallery-icon landscape'>\n\t\t\t\t<a href='http:\/\/prim-st-sauveur.ac-besancon.fr\/wp-content\/uploads\/sites\/21\/2025\/12\/IMG_1468.jpg' title=\"\" data-rl_title=\"\" class=\"rl-gallery-link\" data-rl_caption=\"\" data-rel=\"lightbox-gallery-2\"><img loading=\"lazy\" decoding=\"async\" width=\"300\" height=\"225\" src=\"http:\/\/prim-st-sauveur.ac-besancon.fr\/wp-content\/uploads\/sites\/21\/2025\/12\/IMG_1468-300x225.jpg\" class=\"attachment-medium size-medium\" alt=\"\" srcset=\"http:\/\/prim-st-sauveur.ac-besancon.fr\/wp-content\/uploads\/sites\/21\/2025\/12\/IMG_1468-300x225.jpg 300w, http:\/\/prim-st-sauveur.ac-besancon.fr\/wp-content\/uploads\/sites\/21\/2025\/12\/IMG_1468.jpg 640w\" sizes=\"auto, (max-width: 300px) 100vw, 300px\" \/><\/a>\n\t\t\t<\/div><\/figure>\n\t\t<\/div>\n\n<p class=\"whitespace-break-spaces\" dir=\"auto\"><strong>Et maintenant, place \u00e0 l\u2019avenir !<\/strong> Gr\u00e2ce \u00e0 votre mobilisation, le March\u00e9 de No\u00ebl a permis de r\u00e9colter des fonds qui financeront des <span class=\"followup-block followup-block-hidden cursor-pointer outline-none static inline group-hover\/message:[--hover-opacity:1]\" data-question=\"Quels types de projets \u00e9ducatifs ou solidaires pourraient \u00eatre financ\u00e9s par les fonds r\u00e9colt\u00e9s lors du March\u00e9 de No\u00ebl ?\" aria-expanded=\"false\" aria-controls=\"radix-_r_2g_\" data-state=\"closed\">sorties scolaires ou du mat\u00e9riel p\u00e9dagogique<\/span>.<\/p>\n<p>Alors, encore une fois, <strong>merci<\/strong> pour votre temps, votre \u00e9nergie et votre c\u0153ur.<\/p>\n<p class=\"whitespace-break-spaces\" dir=\"auto\">Rendez-vous l\u2019ann\u00e9e prochaine pour une nouvelle \u00e9dition, encore plus magique !<\/p>\n<p dir=\"auto\">Cordialement<\/p>\n<p dir=\"auto\">Muriel Blondeau<\/p>\n<div id='gallery-3' class='gallery galleryid-5541 gallery-columns-4 gallery-size-medium'><figure class='gallery-item'>\n\t\t\t<div class='gallery-icon landscape'>\n\t\t\t\t<a href='http:\/\/prim-st-sauveur.ac-besancon.fr\/wp-content\/uploads\/sites\/21\/2025\/12\/IMG_1470.jpg' title=\"\" data-rl_title=\"\" class=\"rl-gallery-link\" data-rl_caption=\"\" data-rel=\"lightbox-gallery-3\"><img loading=\"lazy\" decoding=\"async\" width=\"300\" height=\"225\" src=\"http:\/\/prim-st-sauveur.ac-besancon.fr\/wp-content\/uploads\/sites\/21\/2025\/12\/IMG_1470-300x225.jpg\" class=\"attachment-medium size-medium\" alt=\"\" srcset=\"http:\/\/prim-st-sauveur.ac-besancon.fr\/wp-content\/uploads\/sites\/21\/2025\/12\/IMG_1470-300x225.jpg 300w, http:\/\/prim-st-sauveur.ac-besancon.fr\/wp-content\/uploads\/sites\/21\/2025\/12\/IMG_1470.jpg 640w\" sizes=\"auto, (max-width: 300px) 100vw, 300px\" \/><\/a>\n\t\t\t<\/div><\/figure><figure class='gallery-item'>\n\t\t\t<div class='gallery-icon portrait'>\n\t\t\t\t<a href='http:\/\/prim-st-sauveur.ac-besancon.fr\/wp-content\/uploads\/sites\/21\/2025\/12\/IMG_1471.jpg' title=\"\" data-rl_title=\"\" class=\"rl-gallery-link\" data-rl_caption=\"\" data-rel=\"lightbox-gallery-3\"><img loading=\"lazy\" decoding=\"async\" width=\"225\" height=\"300\" src=\"http:\/\/prim-st-sauveur.ac-besancon.fr\/wp-content\/uploads\/sites\/21\/2025\/12\/IMG_1471-225x300.jpg\" class=\"attachment-medium size-medium\" alt=\"\" srcset=\"http:\/\/prim-st-sauveur.ac-besancon.fr\/wp-content\/uploads\/sites\/21\/2025\/12\/IMG_1471-225x300.jpg 225w, http:\/\/prim-st-sauveur.ac-besancon.fr\/wp-content\/uploads\/sites\/21\/2025\/12\/IMG_1471.jpg 480w\" sizes=\"auto, (max-width: 225px) 100vw, 225px\" \/><\/a>\n\t\t\t<\/div><\/figure><figure class='gallery-item'>\n\t\t\t<div class='gallery-icon portrait'>\n\t\t\t\t<a href='http:\/\/prim-st-sauveur.ac-besancon.fr\/wp-content\/uploads\/sites\/21\/2025\/12\/IMG_1477.jpg' title=\"\" data-rl_title=\"\" class=\"rl-gallery-link\" data-rl_caption=\"\" data-rel=\"lightbox-gallery-3\"><img loading=\"lazy\" decoding=\"async\" width=\"225\" height=\"300\" src=\"http:\/\/prim-st-sauveur.ac-besancon.fr\/wp-content\/uploads\/sites\/21\/2025\/12\/IMG_1477-225x300.jpg\" class=\"attachment-medium size-medium\" alt=\"\" srcset=\"http:\/\/prim-st-sauveur.ac-besancon.fr\/wp-content\/uploads\/sites\/21\/2025\/12\/IMG_1477-225x300.jpg 225w, http:\/\/prim-st-sauveur.ac-besancon.fr\/wp-content\/uploads\/sites\/21\/2025\/12\/IMG_1477.jpg 480w\" sizes=\"auto, (max-width: 225px) 100vw, 225px\" \/><\/a>\n\t\t\t<\/div><\/figure><figure class='gallery-item'>\n\t\t\t<div class='gallery-icon portrait'>\n\t\t\t\t<a href='http:\/\/prim-st-sauveur.ac-besancon.fr\/wp-content\/uploads\/sites\/21\/2025\/12\/IMG_1476.jpg' title=\"\" data-rl_title=\"\" class=\"rl-gallery-link\" data-rl_caption=\"\" data-rel=\"lightbox-gallery-3\"><img loading=\"lazy\" decoding=\"async\" width=\"225\" height=\"300\" src=\"http:\/\/prim-st-sauveur.ac-besancon.fr\/wp-content\/uploads\/sites\/21\/2025\/12\/IMG_1476-225x300.jpg\" class=\"attachment-medium size-medium\" alt=\"\" srcset=\"http:\/\/prim-st-sauveur.ac-besancon.fr\/wp-content\/uploads\/sites\/21\/2025\/12\/IMG_1476-225x300.jpg 225w, http:\/\/prim-st-sauveur.ac-besancon.fr\/wp-content\/uploads\/sites\/21\/2025\/12\/IMG_1476.jpg 480w\" sizes=\"auto, (max-width: 225px) 100vw, 225px\" \/><\/a>\n\t\t\t<\/div><\/figure><figure class='gallery-item'>\n\t\t\t<div class='gallery-icon portrait'>\n\t\t\t\t<a href='http:\/\/prim-st-sauveur.ac-besancon.fr\/wp-content\/uploads\/sites\/21\/2025\/12\/IMG_1475.jpg' title=\"\" data-rl_title=\"\" class=\"rl-gallery-link\" data-rl_caption=\"\" data-rel=\"lightbox-gallery-3\"><img loading=\"lazy\" decoding=\"async\" width=\"225\" height=\"300\" src=\"http:\/\/prim-st-sauveur.ac-besancon.fr\/wp-content\/uploads\/sites\/21\/2025\/12\/IMG_1475-225x300.jpg\" class=\"attachment-medium size-medium\" alt=\"\" srcset=\"http:\/\/prim-st-sauveur.ac-besancon.fr\/wp-content\/uploads\/sites\/21\/2025\/12\/IMG_1475-225x300.jpg 225w, http:\/\/prim-st-sauveur.ac-besancon.fr\/wp-content\/uploads\/sites\/21\/2025\/12\/IMG_1475.jpg 480w\" sizes=\"auto, (max-width: 225px) 100vw, 225px\" \/><\/a>\n\t\t\t<\/div><\/figure><figure class='gallery-item'>\n\t\t\t<div class='gallery-icon portrait'>\n\t\t\t\t<a href='http:\/\/prim-st-sauveur.ac-besancon.fr\/wp-content\/uploads\/sites\/21\/2025\/12\/IMG_1474.jpg' title=\"\" data-rl_title=\"\" class=\"rl-gallery-link\" data-rl_caption=\"\" data-rel=\"lightbox-gallery-3\"><img loading=\"lazy\" decoding=\"async\" width=\"225\" height=\"300\" src=\"http:\/\/prim-st-sauveur.ac-besancon.fr\/wp-content\/uploads\/sites\/21\/2025\/12\/IMG_1474-225x300.jpg\" class=\"attachment-medium size-medium\" alt=\"\" srcset=\"http:\/\/prim-st-sauveur.ac-besancon.fr\/wp-content\/uploads\/sites\/21\/2025\/12\/IMG_1474-225x300.jpg 225w, http:\/\/prim-st-sauveur.ac-besancon.fr\/wp-content\/uploads\/sites\/21\/2025\/12\/IMG_1474.jpg 480w\" sizes=\"auto, (max-width: 225px) 100vw, 225px\" \/><\/a>\n\t\t\t<\/div><\/figure><figure class='gallery-item'>\n\t\t\t<div class='gallery-icon portrait'>\n\t\t\t\t<a href='http:\/\/prim-st-sauveur.ac-besancon.fr\/wp-content\/uploads\/sites\/21\/2025\/12\/IMG_1473.jpg' title=\"\" data-rl_title=\"\" class=\"rl-gallery-link\" data-rl_caption=\"\" data-rel=\"lightbox-gallery-3\"><img loading=\"lazy\" decoding=\"async\" width=\"225\" height=\"300\" src=\"http:\/\/prim-st-sauveur.ac-besancon.fr\/wp-content\/uploads\/sites\/21\/2025\/12\/IMG_1473-225x300.jpg\" class=\"attachment-medium size-medium\" alt=\"\" srcset=\"http:\/\/prim-st-sauveur.ac-besancon.fr\/wp-content\/uploads\/sites\/21\/2025\/12\/IMG_1473-225x300.jpg 225w, http:\/\/prim-st-sauveur.ac-besancon.fr\/wp-content\/uploads\/sites\/21\/2025\/12\/IMG_1473.jpg 480w\" sizes=\"auto, (max-width: 225px) 100vw, 225px\" \/><\/a>\n\t\t\t<\/div><\/figure><figure class='gallery-item'>\n\t\t\t<div class='gallery-icon portrait'>\n\t\t\t\t<a href='http:\/\/prim-st-sauveur.ac-besancon.fr\/wp-content\/uploads\/sites\/21\/2025\/12\/IMG_1472.jpg' title=\"\" data-rl_title=\"\" class=\"rl-gallery-link\" data-rl_caption=\"\" data-rel=\"lightbox-gallery-3\"><img loading=\"lazy\" decoding=\"async\" width=\"225\" height=\"300\" src=\"http:\/\/prim-st-sauveur.ac-besancon.fr\/wp-content\/uploads\/sites\/21\/2025\/12\/IMG_1472-225x300.jpg\" class=\"attachment-medium size-medium\" alt=\"\" srcset=\"http:\/\/prim-st-sauveur.ac-besancon.fr\/wp-content\/uploads\/sites\/21\/2025\/12\/IMG_1472-225x300.jpg 225w, http:\/\/prim-st-sauveur.ac-besancon.fr\/wp-content\/uploads\/sites\/21\/2025\/12\/IMG_1472.jpg 480w\" sizes=\"auto, (max-width: 225px) 100vw, 225px\" \/><\/a>\n\t\t\t<\/div><\/figure>\n\t\t<\/div>\n\n","protected":false},"excerpt":{"rendered":"<p>Le March\u00e9 de No\u00ebl de l\u2019\u00e9cole\u00a0 a \u00e9t\u00e9 un v\u00e9ritable succ\u00e8s gr\u00e2ce \u00e0 l\u2019\u00e9nergie, la cr\u00e9ativit\u00e9 et la g\u00e9n\u00e9rosit\u00e9 de tous. Entre rires, gourmandises et &hellip; <\/p>\n","protected":false},"author":198,"featured_media":5551,"comment_status":"closed","ping_status":"open","sticky":false,"template":"","format":"standard","meta":{"footnotes":""},"categories":[39,41],"tags":[],"class_list":["post-5541","post","type-post","status-publish","format-standard","has-post-thumbnail","hentry","category-classe-de-mme-blondeau","category-gs-cp-2025-26"],"_links":{"self":[{"href":"http:\/\/prim-st-sauveur.ac-besancon.fr\/index.php?rest_route=\/wp\/v2\/posts\/5541","targetHints":{"allow":["GET"]}}],"collection":[{"href":"http:\/\/prim-st-sauveur.ac-besancon.fr\/index.php?rest_route=\/wp\/v2\/posts"}],"about":[{"href":"http:\/\/prim-st-sauveur.ac-besancon.fr\/index.php?rest_route=\/wp\/v2\/types\/post"}],"author":[{"embeddable":true,"href":"http:\/\/prim-st-sauveur.ac-besancon.fr\/index.php?rest_route=\/wp\/v2\/users\/198"}],"replies":[{"embeddable":true,"href":"http:\/\/prim-st-sauveur.ac-besancon.fr\/index.php?rest_route=%2Fwp%2Fv2%2Fcomments&post=5541"}],"version-history":[{"count":2,"href":"http:\/\/prim-st-sauveur.ac-besancon.fr\/index.php?rest_route=\/wp\/v2\/posts\/5541\/revisions"}],"predecessor-version":[{"id":5576,"href":"http:\/\/prim-st-sauveur.ac-besancon.fr\/index.php?rest_route=\/wp\/v2\/posts\/5541\/revisions\/5576"}],"wp:featuredmedia":[{"embeddable":true,"href":"http:\/\/prim-st-sauveur.ac-besancon.fr\/index.php?rest_route=\/wp\/v2\/media\/5551"}],"wp:attachment":[{"href":"http:\/\/prim-st-sauveur.ac-besancon.fr\/index.php?rest_route=%2Fwp%2Fv2%2Fmedia&parent=5541"}],"wp:term":[{"taxonomy":"category","embeddable":true,"href":"http:\/\/prim-st-sauveur.ac-besancon.fr\/index.php?rest_route=%2Fwp%2Fv2%2Fcategories&post=5541"},{"taxonomy":"post_tag","embeddable":true,"href":"http:\/\/prim-st-sauveur.ac-besancon.fr\/index.php?rest_route=%2Fwp%2Fv2%2Ftags&post=5541"}],"curies":[{"name":"wp","href":"https:\/\/api.w.org\/{rel}","templated":true}]}}