{"id":5311,"date":"2025-09-23T20:20:40","date_gmt":"2025-09-23T18:20:40","guid":{"rendered":"http:\/\/prim-st-sauveur.ac-besancon.fr\/?p=5311"},"modified":"2025-09-23T20:20:53","modified_gmt":"2025-09-23T18:20:53","slug":"les-mathematiques","status":"publish","type":"post","link":"http:\/\/prim-st-sauveur.ac-besancon.fr\/?p=5311","title":{"rendered":"Les math\u00e9matiques"},"content":{"rendered":"<p>Bonjour,<\/p>\n<p>Les notions travaill\u00e9es ces derni\u00e8res semaines sont :<\/p>\n<ul>\n<li>le trac\u00e9 \u00e0 la r\u00e8gle\u00a0 (CP) : apprendre \u00e0 bient tenir la r\u00e8gle, apprendre \u00e0 tracer des traits &#8230;<\/li>\n<li>la comparaison de nombres (CP) en passant par la manipulation (utilisation d&rsquo;une paille pour apprendre \u00e0 \u00e9crire le signe puis passage sur feuille)<\/li>\n<li>la construction des nombres (GS) qui sera poursuivi sur les semaines suivantes avec la notion de d\u00e9composition<\/li>\n<li>le passage \u00e0 la dizaine avec l&rsquo;activit\u00e9 \u00ab\u00a0chaque jour compte\u00a0\u00bb (GS et CP)<\/li>\n<\/ul>\n<p>Voici quelques photos &#8230;<\/p>\n<p>Bien cordialement<\/p>\n<p>Muriel Blondeau<\/p>\n<div id='gallery-1' class='gallery galleryid-5311 gallery-columns-7 gallery-size-thumbnail'><figure class='gallery-item'>\n\t\t\t<div class='gallery-icon landscape'>\n\t\t\t\t<a href='http:\/\/prim-st-sauveur.ac-besancon.fr\/wp-content\/uploads\/sites\/21\/2025\/09\/IMG_1228.jpg' title=\"\" data-rl_title=\"\" class=\"rl-gallery-link\" data-rl_caption=\"\" data-rel=\"lightbox-gallery-1\"><img loading=\"lazy\" decoding=\"async\" width=\"150\" height=\"150\" src=\"http:\/\/prim-st-sauveur.ac-besancon.fr\/wp-content\/uploads\/sites\/21\/2025\/09\/IMG_1228-150x150.jpg\" class=\"attachment-thumbnail size-thumbnail\" alt=\"\" \/><\/a>\n\t\t\t<\/div><\/figure><figure class='gallery-item'>\n\t\t\t<div class='gallery-icon landscape'>\n\t\t\t\t<a href='http:\/\/prim-st-sauveur.ac-besancon.fr\/wp-content\/uploads\/sites\/21\/2025\/09\/IMG_1227.jpg' title=\"\" data-rl_title=\"\" class=\"rl-gallery-link\" data-rl_caption=\"\" data-rel=\"lightbox-gallery-1\"><img loading=\"lazy\" decoding=\"async\" width=\"150\" height=\"150\" src=\"http:\/\/prim-st-sauveur.ac-besancon.fr\/wp-content\/uploads\/sites\/21\/2025\/09\/IMG_1227-150x150.jpg\" class=\"attachment-thumbnail size-thumbnail\" alt=\"\" \/><\/a>\n\t\t\t<\/div><\/figure><figure class='gallery-item'>\n\t\t\t<div class='gallery-icon portrait'>\n\t\t\t\t<a href='http:\/\/prim-st-sauveur.ac-besancon.fr\/wp-content\/uploads\/sites\/21\/2025\/09\/IMG_1226.jpg' title=\"\" data-rl_title=\"\" class=\"rl-gallery-link\" data-rl_caption=\"\" data-rel=\"lightbox-gallery-1\"><img loading=\"lazy\" decoding=\"async\" width=\"150\" height=\"150\" src=\"http:\/\/prim-st-sauveur.ac-besancon.fr\/wp-content\/uploads\/sites\/21\/2025\/09\/IMG_1226-150x150.jpg\" class=\"attachment-thumbnail size-thumbnail\" alt=\"\" \/><\/a>\n\t\t\t<\/div><\/figure><figure class='gallery-item'>\n\t\t\t<div class='gallery-icon portrait'>\n\t\t\t\t<a href='http:\/\/prim-st-sauveur.ac-besancon.fr\/wp-content\/uploads\/sites\/21\/2025\/09\/IMG_1225.jpg' title=\"\" data-rl_title=\"\" class=\"rl-gallery-link\" data-rl_caption=\"\" data-rel=\"lightbox-gallery-1\"><img loading=\"lazy\" decoding=\"async\" width=\"150\" height=\"150\" src=\"http:\/\/prim-st-sauveur.ac-besancon.fr\/wp-content\/uploads\/sites\/21\/2025\/09\/IMG_1225-150x150.jpg\" class=\"attachment-thumbnail size-thumbnail\" alt=\"\" \/><\/a>\n\t\t\t<\/div><\/figure><figure class='gallery-item'>\n\t\t\t<div class='gallery-icon portrait'>\n\t\t\t\t<a href='http:\/\/prim-st-sauveur.ac-besancon.fr\/wp-content\/uploads\/sites\/21\/2025\/09\/IMG_1223.jpg' title=\"\" data-rl_title=\"\" class=\"rl-gallery-link\" data-rl_caption=\"\" data-rel=\"lightbox-gallery-1\"><img loading=\"lazy\" decoding=\"async\" width=\"150\" height=\"150\" src=\"http:\/\/prim-st-sauveur.ac-besancon.fr\/wp-content\/uploads\/sites\/21\/2025\/09\/IMG_1223-150x150.jpg\" class=\"attachment-thumbnail size-thumbnail\" alt=\"\" \/><\/a>\n\t\t\t<\/div><\/figure><figure class='gallery-item'>\n\t\t\t<div class='gallery-icon portrait'>\n\t\t\t\t<a href='http:\/\/prim-st-sauveur.ac-besancon.fr\/wp-content\/uploads\/sites\/21\/2025\/09\/IMG_1222.jpg' title=\"\" data-rl_title=\"\" class=\"rl-gallery-link\" data-rl_caption=\"\" data-rel=\"lightbox-gallery-1\"><img loading=\"lazy\" decoding=\"async\" width=\"150\" height=\"150\" src=\"http:\/\/prim-st-sauveur.ac-besancon.fr\/wp-content\/uploads\/sites\/21\/2025\/09\/IMG_1222-150x150.jpg\" class=\"attachment-thumbnail size-thumbnail\" alt=\"\" \/><\/a>\n\t\t\t<\/div><\/figure><figure class='gallery-item'>\n\t\t\t<div class='gallery-icon portrait'>\n\t\t\t\t<a href='http:\/\/prim-st-sauveur.ac-besancon.fr\/wp-content\/uploads\/sites\/21\/2025\/09\/IMG_1221.jpg' title=\"\" data-rl_title=\"\" class=\"rl-gallery-link\" data-rl_caption=\"\" data-rel=\"lightbox-gallery-1\"><img loading=\"lazy\" decoding=\"async\" width=\"150\" height=\"150\" src=\"http:\/\/prim-st-sauveur.ac-besancon.fr\/wp-content\/uploads\/sites\/21\/2025\/09\/IMG_1221-150x150.jpg\" class=\"attachment-thumbnail size-thumbnail\" alt=\"\" \/><\/a>\n\t\t\t<\/div><\/figure><figure class='gallery-item'>\n\t\t\t<div class='gallery-icon portrait'>\n\t\t\t\t<a href='http:\/\/prim-st-sauveur.ac-besancon.fr\/wp-content\/uploads\/sites\/21\/2025\/09\/IMG_1247.jpg' title=\"\" data-rl_title=\"\" class=\"rl-gallery-link\" data-rl_caption=\"\" data-rel=\"lightbox-gallery-1\"><img loading=\"lazy\" decoding=\"async\" width=\"150\" height=\"150\" src=\"http:\/\/prim-st-sauveur.ac-besancon.fr\/wp-content\/uploads\/sites\/21\/2025\/09\/IMG_1247-150x150.jpg\" class=\"attachment-thumbnail size-thumbnail\" alt=\"\" \/><\/a>\n\t\t\t<\/div><\/figure><figure class='gallery-item'>\n\t\t\t<div class='gallery-icon portrait'>\n\t\t\t\t<a href='http:\/\/prim-st-sauveur.ac-besancon.fr\/wp-content\/uploads\/sites\/21\/2025\/09\/IMG_1246.jpg' title=\"\" data-rl_title=\"\" class=\"rl-gallery-link\" data-rl_caption=\"\" data-rel=\"lightbox-gallery-1\"><img loading=\"lazy\" decoding=\"async\" width=\"150\" height=\"150\" src=\"http:\/\/prim-st-sauveur.ac-besancon.fr\/wp-content\/uploads\/sites\/21\/2025\/09\/IMG_1246-150x150.jpg\" class=\"attachment-thumbnail size-thumbnail\" alt=\"\" \/><\/a>\n\t\t\t<\/div><\/figure><figure class='gallery-item'>\n\t\t\t<div class='gallery-icon portrait'>\n\t\t\t\t<a href='http:\/\/prim-st-sauveur.ac-besancon.fr\/wp-content\/uploads\/sites\/21\/2025\/09\/IMG_1245.jpg' title=\"\" data-rl_title=\"\" class=\"rl-gallery-link\" data-rl_caption=\"\" data-rel=\"lightbox-gallery-1\"><img loading=\"lazy\" decoding=\"async\" width=\"150\" height=\"150\" src=\"http:\/\/prim-st-sauveur.ac-besancon.fr\/wp-content\/uploads\/sites\/21\/2025\/09\/IMG_1245-150x150.jpg\" class=\"attachment-thumbnail size-thumbnail\" alt=\"\" \/><\/a>\n\t\t\t<\/div><\/figure><figure class='gallery-item'>\n\t\t\t<div class='gallery-icon portrait'>\n\t\t\t\t<a href='http:\/\/prim-st-sauveur.ac-besancon.fr\/wp-content\/uploads\/sites\/21\/2025\/09\/IMG_1244.jpg' title=\"\" data-rl_title=\"\" class=\"rl-gallery-link\" data-rl_caption=\"\" data-rel=\"lightbox-gallery-1\"><img loading=\"lazy\" decoding=\"async\" width=\"150\" height=\"150\" src=\"http:\/\/prim-st-sauveur.ac-besancon.fr\/wp-content\/uploads\/sites\/21\/2025\/09\/IMG_1244-150x150.jpg\" class=\"attachment-thumbnail size-thumbnail\" alt=\"\" \/><\/a>\n\t\t\t<\/div><\/figure><figure class='gallery-item'>\n\t\t\t<div class='gallery-icon portrait'>\n\t\t\t\t<a href='http:\/\/prim-st-sauveur.ac-besancon.fr\/wp-content\/uploads\/sites\/21\/2025\/09\/IMG_1243.jpg' title=\"\" data-rl_title=\"\" class=\"rl-gallery-link\" data-rl_caption=\"\" data-rel=\"lightbox-gallery-1\"><img loading=\"lazy\" decoding=\"async\" width=\"150\" height=\"150\" src=\"http:\/\/prim-st-sauveur.ac-besancon.fr\/wp-content\/uploads\/sites\/21\/2025\/09\/IMG_1243-150x150.jpg\" class=\"attachment-thumbnail size-thumbnail\" alt=\"\" \/><\/a>\n\t\t\t<\/div><\/figure><figure class='gallery-item'>\n\t\t\t<div class='gallery-icon portrait'>\n\t\t\t\t<a href='http:\/\/prim-st-sauveur.ac-besancon.fr\/wp-content\/uploads\/sites\/21\/2025\/09\/IMG_1242.jpg' title=\"\" data-rl_title=\"\" class=\"rl-gallery-link\" data-rl_caption=\"\" data-rel=\"lightbox-gallery-1\"><img loading=\"lazy\" decoding=\"async\" width=\"150\" height=\"150\" src=\"http:\/\/prim-st-sauveur.ac-besancon.fr\/wp-content\/uploads\/sites\/21\/2025\/09\/IMG_1242-150x150.jpg\" class=\"attachment-thumbnail size-thumbnail\" alt=\"\" \/><\/a>\n\t\t\t<\/div><\/figure>\n\t\t<\/div>\n\n","protected":false},"excerpt":{"rendered":"<p>Bonjour, Les notions travaill\u00e9es ces derni\u00e8res semaines sont : le trac\u00e9 \u00e0 la r\u00e8gle\u00a0 (CP) : apprendre \u00e0 bient tenir la r\u00e8gle, apprendre \u00e0 tracer &hellip; <\/p>\n","protected":false},"author":198,"featured_media":5320,"comment_status":"closed","ping_status":"open","sticky":false,"template":"","format":"standard","meta":{"footnotes":""},"categories":[39,41],"tags":[],"class_list":["post-5311","post","type-post","status-publish","format-standard","has-post-thumbnail","hentry","category-classe-de-mme-blondeau","category-gs-cp-2025-26"],"_links":{"self":[{"href":"http:\/\/prim-st-sauveur.ac-besancon.fr\/index.php?rest_route=\/wp\/v2\/posts\/5311","targetHints":{"allow":["GET"]}}],"collection":[{"href":"http:\/\/prim-st-sauveur.ac-besancon.fr\/index.php?rest_route=\/wp\/v2\/posts"}],"about":[{"href":"http:\/\/prim-st-sauveur.ac-besancon.fr\/index.php?rest_route=\/wp\/v2\/types\/post"}],"author":[{"embeddable":true,"href":"http:\/\/prim-st-sauveur.ac-besancon.fr\/index.php?rest_route=\/wp\/v2\/users\/198"}],"replies":[{"embeddable":true,"href":"http:\/\/prim-st-sauveur.ac-besancon.fr\/index.php?rest_route=%2Fwp%2Fv2%2Fcomments&post=5311"}],"version-history":[{"count":1,"href":"http:\/\/prim-st-sauveur.ac-besancon.fr\/index.php?rest_route=\/wp\/v2\/posts\/5311\/revisions"}],"predecessor-version":[{"id":5325,"href":"http:\/\/prim-st-sauveur.ac-besancon.fr\/index.php?rest_route=\/wp\/v2\/posts\/5311\/revisions\/5325"}],"wp:featuredmedia":[{"embeddable":true,"href":"http:\/\/prim-st-sauveur.ac-besancon.fr\/index.php?rest_route=\/wp\/v2\/media\/5320"}],"wp:attachment":[{"href":"http:\/\/prim-st-sauveur.ac-besancon.fr\/index.php?rest_route=%2Fwp%2Fv2%2Fmedia&parent=5311"}],"wp:term":[{"taxonomy":"category","embeddable":true,"href":"http:\/\/prim-st-sauveur.ac-besancon.fr\/index.php?rest_route=%2Fwp%2Fv2%2Fcategories&post=5311"},{"taxonomy":"post_tag","embeddable":true,"href":"http:\/\/prim-st-sauveur.ac-besancon.fr\/index.php?rest_route=%2Fwp%2Fv2%2Ftags&post=5311"}],"curies":[{"name":"wp","href":"https:\/\/api.w.org\/{rel}","templated":true}]}}