{"id":4942,"date":"2024-12-02T15:12:52","date_gmt":"2024-12-02T14:12:52","guid":{"rendered":"http:\/\/prim-st-sauveur.ac-besancon.fr\/?p=4942"},"modified":"2024-12-21T15:19:31","modified_gmt":"2024-12-21T14:19:31","slug":"creation-dun-calendrier-de-lavant-vacances-pour-nos-correspondants-%f0%9f%a7%91%f0%9f%8e%84%e2%9b%b5%ef%b8%8f","status":"publish","type":"post","link":"http:\/\/prim-st-sauveur.ac-besancon.fr\/?p=4942","title":{"rendered":"Cr\u00e9ation d&rsquo;un calendrier de l&rsquo;avant-vacances pour nos correspondants ?\u200d?\u26f5\ufe0f"},"content":{"rendered":"<p>Nous avons cr\u00e9\u00e9 un calendrier de l&rsquo;avant-vacances pour nos correspondants. Nous avons trouv\u00e9 20 questions sur le Vend\u00e9e Globe \u00e0 poser \u00e0 nos amis de Raddon.<br \/>\nChaque jour du mois de d\u00e9cembre, nous avons nous aussi d\u00e9couvert les questions pos\u00e9es par nos correspondants !<br \/>\n\u00ab\u00a0Qui est la plus jeune du Vend\u00e9e Globe ?\u00a0\u00bb<br \/>\n\u00ab\u00a0Qui est le gagnant du Vend\u00e9e Globe 2020 ?\u00a0\u00bb<br \/>\n\u00ab\u00a0Qui a particip\u00e9 6 fois au Vend\u00e9e Globe ?\u00a0\u00bb<br \/>\n<div id='gallery-1' class='gallery galleryid-4942 gallery-columns-3 gallery-size-thumbnail'><figure class='gallery-item'>\n\t\t\t<div class='gallery-icon portrait'>\n\t\t\t\t<a href='http:\/\/prim-st-sauveur.ac-besancon.fr\/wp-content\/uploads\/sites\/21\/2024\/12\/20241129_113542.jpg' title=\"\" data-rl_title=\"\" class=\"rl-gallery-link\" data-rl_caption=\"\" data-rel=\"lightbox-gallery-1\"><img loading=\"lazy\" decoding=\"async\" width=\"150\" height=\"150\" src=\"http:\/\/prim-st-sauveur.ac-besancon.fr\/wp-content\/uploads\/sites\/21\/2024\/12\/20241129_113542-150x150.jpg\" class=\"attachment-thumbnail size-thumbnail\" alt=\"\" srcset=\"http:\/\/prim-st-sauveur.ac-besancon.fr\/wp-content\/uploads\/sites\/21\/2024\/12\/20241129_113542-150x150.jpg 150w, http:\/\/prim-st-sauveur.ac-besancon.fr\/wp-content\/uploads\/sites\/21\/2024\/12\/20241129_113542-808x800.jpg 808w\" sizes=\"auto, (max-width: 150px) 100vw, 150px\" \/><\/a>\n\t\t\t<\/div><\/figure><figure class='gallery-item'>\n\t\t\t<div class='gallery-icon portrait'>\n\t\t\t\t<a href='http:\/\/prim-st-sauveur.ac-besancon.fr\/wp-content\/uploads\/sites\/21\/2024\/12\/20241129_113513.jpg' title=\"\" data-rl_title=\"\" class=\"rl-gallery-link\" data-rl_caption=\"\" data-rel=\"lightbox-gallery-1\"><img loading=\"lazy\" decoding=\"async\" width=\"150\" height=\"150\" src=\"http:\/\/prim-st-sauveur.ac-besancon.fr\/wp-content\/uploads\/sites\/21\/2024\/12\/20241129_113513-150x150.jpg\" class=\"attachment-thumbnail size-thumbnail\" alt=\"\" srcset=\"http:\/\/prim-st-sauveur.ac-besancon.fr\/wp-content\/uploads\/sites\/21\/2024\/12\/20241129_113513-150x150.jpg 150w, http:\/\/prim-st-sauveur.ac-besancon.fr\/wp-content\/uploads\/sites\/21\/2024\/12\/20241129_113513-808x800.jpg 808w\" sizes=\"auto, (max-width: 150px) 100vw, 150px\" \/><\/a>\n\t\t\t<\/div><\/figure><figure class='gallery-item'>\n\t\t\t<div class='gallery-icon landscape'>\n\t\t\t\t<a href='http:\/\/prim-st-sauveur.ac-besancon.fr\/wp-content\/uploads\/sites\/21\/2024\/12\/20241129_113326.jpg' title=\"\" data-rl_title=\"\" class=\"rl-gallery-link\" data-rl_caption=\"\" data-rel=\"lightbox-gallery-1\"><img loading=\"lazy\" decoding=\"async\" width=\"150\" height=\"150\" src=\"http:\/\/prim-st-sauveur.ac-besancon.fr\/wp-content\/uploads\/sites\/21\/2024\/12\/20241129_113326-150x150.jpg\" class=\"attachment-thumbnail size-thumbnail\" alt=\"\" \/><\/a>\n\t\t\t<\/div><\/figure><figure class='gallery-item'>\n\t\t\t<div class='gallery-icon portrait'>\n\t\t\t\t<a href='http:\/\/prim-st-sauveur.ac-besancon.fr\/wp-content\/uploads\/sites\/21\/2024\/12\/20241129_113525.jpg' title=\"\" data-rl_title=\"\" class=\"rl-gallery-link\" data-rl_caption=\"\" data-rel=\"lightbox-gallery-1\"><img loading=\"lazy\" decoding=\"async\" width=\"150\" height=\"150\" src=\"http:\/\/prim-st-sauveur.ac-besancon.fr\/wp-content\/uploads\/sites\/21\/2024\/12\/20241129_113525-150x150.jpg\" class=\"attachment-thumbnail size-thumbnail\" alt=\"\" srcset=\"http:\/\/prim-st-sauveur.ac-besancon.fr\/wp-content\/uploads\/sites\/21\/2024\/12\/20241129_113525-150x150.jpg 150w, http:\/\/prim-st-sauveur.ac-besancon.fr\/wp-content\/uploads\/sites\/21\/2024\/12\/20241129_113525-808x800.jpg 808w\" sizes=\"auto, (max-width: 150px) 100vw, 150px\" \/><\/a>\n\t\t\t<\/div><\/figure><figure class='gallery-item'>\n\t\t\t<div class='gallery-icon portrait'>\n\t\t\t\t<a href='http:\/\/prim-st-sauveur.ac-besancon.fr\/wp-content\/uploads\/sites\/21\/2024\/12\/20241203_085711.jpg' title=\"\" data-rl_title=\"\" class=\"rl-gallery-link\" data-rl_caption=\"\" data-rel=\"lightbox-gallery-1\"><img loading=\"lazy\" decoding=\"async\" width=\"150\" height=\"150\" src=\"http:\/\/prim-st-sauveur.ac-besancon.fr\/wp-content\/uploads\/sites\/21\/2024\/12\/20241203_085711-150x150.jpg\" class=\"attachment-thumbnail size-thumbnail\" alt=\"\" srcset=\"http:\/\/prim-st-sauveur.ac-besancon.fr\/wp-content\/uploads\/sites\/21\/2024\/12\/20241203_085711-150x150.jpg 150w, http:\/\/prim-st-sauveur.ac-besancon.fr\/wp-content\/uploads\/sites\/21\/2024\/12\/20241203_085711-808x800.jpg 808w\" sizes=\"auto, (max-width: 150px) 100vw, 150px\" \/><\/a>\n\t\t\t<\/div><\/figure>\n\t\t<\/div>\n<\/p>\n","protected":false},"excerpt":{"rendered":"<p>Nous avons cr\u00e9\u00e9 un calendrier de l&rsquo;avant-vacances pour nos correspondants. Nous avons trouv\u00e9 20 questions sur le Vend\u00e9e Globe \u00e0 poser \u00e0 nos amis de &hellip; <\/p>\n","protected":false},"author":73,"featured_media":4902,"comment_status":"closed","ping_status":"open","sticky":false,"template":"","format":"standard","meta":{"footnotes":""},"categories":[38],"tags":[],"class_list":["post-4942","post","type-post","status-publish","format-standard","has-post-thumbnail","hentry","category-ce2-cm1-2024-25"],"_links":{"self":[{"href":"http:\/\/prim-st-sauveur.ac-besancon.fr\/index.php?rest_route=\/wp\/v2\/posts\/4942","targetHints":{"allow":["GET"]}}],"collection":[{"href":"http:\/\/prim-st-sauveur.ac-besancon.fr\/index.php?rest_route=\/wp\/v2\/posts"}],"about":[{"href":"http:\/\/prim-st-sauveur.ac-besancon.fr\/index.php?rest_route=\/wp\/v2\/types\/post"}],"author":[{"embeddable":true,"href":"http:\/\/prim-st-sauveur.ac-besancon.fr\/index.php?rest_route=\/wp\/v2\/users\/73"}],"replies":[{"embeddable":true,"href":"http:\/\/prim-st-sauveur.ac-besancon.fr\/index.php?rest_route=%2Fwp%2Fv2%2Fcomments&post=4942"}],"version-history":[{"count":1,"href":"http:\/\/prim-st-sauveur.ac-besancon.fr\/index.php?rest_route=\/wp\/v2\/posts\/4942\/revisions"}],"predecessor-version":[{"id":4943,"href":"http:\/\/prim-st-sauveur.ac-besancon.fr\/index.php?rest_route=\/wp\/v2\/posts\/4942\/revisions\/4943"}],"wp:featuredmedia":[{"embeddable":true,"href":"http:\/\/prim-st-sauveur.ac-besancon.fr\/index.php?rest_route=\/wp\/v2\/media\/4902"}],"wp:attachment":[{"href":"http:\/\/prim-st-sauveur.ac-besancon.fr\/index.php?rest_route=%2Fwp%2Fv2%2Fmedia&parent=4942"}],"wp:term":[{"taxonomy":"category","embeddable":true,"href":"http:\/\/prim-st-sauveur.ac-besancon.fr\/index.php?rest_route=%2Fwp%2Fv2%2Fcategories&post=4942"},{"taxonomy":"post_tag","embeddable":true,"href":"http:\/\/prim-st-sauveur.ac-besancon.fr\/index.php?rest_route=%2Fwp%2Fv2%2Ftags&post=4942"}],"curies":[{"name":"wp","href":"https:\/\/api.w.org\/{rel}","templated":true}]}}