{"id":2926,"date":"2021-07-09T18:02:13","date_gmt":"2021-07-09T16:02:13","guid":{"rendered":"http:\/\/prim-st-sauveur.ac-besancon.fr\/?p=2926"},"modified":"2021-07-09T18:02:13","modified_gmt":"2021-07-09T16:02:13","slug":"merci-a-vous-pour-cette-belle-annee","status":"publish","type":"post","link":"http:\/\/prim-st-sauveur.ac-besancon.fr\/?p=2926","title":{"rendered":"Merci \u00e0 vous pour cette belle ann\u00e9e !"},"content":{"rendered":"<p>Chers \u00e9l\u00e8ves, <\/p>\n<p>Merci pour cette belle ann\u00e9e. Vous avez \u00e9t\u00e9 des explorateurs\/navigateurs\/aventuriers\/globe-trotteurs au top ! Masqu\u00e9s depuis plusieurs mois, vous avez r\u00e9ussi \u00e0 vous adapter et progresser tout au long de l&rsquo;ann\u00e9e ! Un grand BRAVO !!! <\/p>\n<p>Chers parents,<\/p>\n<p>Merci pour votre participation lors des sorties et pour votre investissement dans nos diff\u00e9rents projets.<br \/>\nSans vous, rien ne serait possible. <\/p>\n<p>JE VOUS SOUHAITE A TOUS DE BONNES VACANCES ! <\/p>\n<p>La ma\u00eetresse,<br \/>\nMarine Barbant<br \/>\n<div id='gallery-1' class='gallery galleryid-2926 gallery-columns-3 gallery-size-thumbnail'><figure class='gallery-item'>\n\t\t\t<div class='gallery-icon portrait'>\n\t\t\t\t<a href='http:\/\/prim-st-sauveur.ac-besancon.fr\/wp-content\/uploads\/sites\/21\/2021\/07\/20210628_1839130.jpg' title=\"\" data-rl_title=\"\" class=\"rl-gallery-link\" data-rl_caption=\"\" data-rel=\"lightbox-gallery-1\"><img loading=\"lazy\" decoding=\"async\" width=\"150\" height=\"150\" src=\"http:\/\/prim-st-sauveur.ac-besancon.fr\/wp-content\/uploads\/sites\/21\/2021\/07\/20210628_1839130-150x150.jpg\" class=\"attachment-thumbnail size-thumbnail\" alt=\"\" srcset=\"http:\/\/prim-st-sauveur.ac-besancon.fr\/wp-content\/uploads\/sites\/21\/2021\/07\/20210628_1839130-150x150.jpg 150w, http:\/\/prim-st-sauveur.ac-besancon.fr\/wp-content\/uploads\/sites\/21\/2021\/07\/20210628_1839130-808x800.jpg 808w\" sizes=\"auto, (max-width: 150px) 100vw, 150px\" \/><\/a>\n\t\t\t<\/div><\/figure>\n\t\t<\/div>\n<\/p>\n","protected":false},"excerpt":{"rendered":"<p>Chers \u00e9l\u00e8ves, Merci pour cette belle ann\u00e9e. Vous avez \u00e9t\u00e9 des explorateurs\/navigateurs\/aventuriers\/globe-trotteurs au top ! Masqu\u00e9s depuis plusieurs mois, vous avez r\u00e9ussi \u00e0 vous adapter &hellip; <\/p>\n","protected":false},"author":73,"featured_media":2923,"comment_status":"closed","ping_status":"open","sticky":false,"template":"","format":"standard","meta":{"footnotes":""},"categories":[25],"tags":[],"class_list":["post-2926","post","type-post","status-publish","format-standard","has-post-thumbnail","hentry","category-classe-2"],"_links":{"self":[{"href":"http:\/\/prim-st-sauveur.ac-besancon.fr\/index.php?rest_route=\/wp\/v2\/posts\/2926","targetHints":{"allow":["GET"]}}],"collection":[{"href":"http:\/\/prim-st-sauveur.ac-besancon.fr\/index.php?rest_route=\/wp\/v2\/posts"}],"about":[{"href":"http:\/\/prim-st-sauveur.ac-besancon.fr\/index.php?rest_route=\/wp\/v2\/types\/post"}],"author":[{"embeddable":true,"href":"http:\/\/prim-st-sauveur.ac-besancon.fr\/index.php?rest_route=\/wp\/v2\/users\/73"}],"replies":[{"embeddable":true,"href":"http:\/\/prim-st-sauveur.ac-besancon.fr\/index.php?rest_route=%2Fwp%2Fv2%2Fcomments&post=2926"}],"version-history":[{"count":1,"href":"http:\/\/prim-st-sauveur.ac-besancon.fr\/index.php?rest_route=\/wp\/v2\/posts\/2926\/revisions"}],"predecessor-version":[{"id":2927,"href":"http:\/\/prim-st-sauveur.ac-besancon.fr\/index.php?rest_route=\/wp\/v2\/posts\/2926\/revisions\/2927"}],"wp:featuredmedia":[{"embeddable":true,"href":"http:\/\/prim-st-sauveur.ac-besancon.fr\/index.php?rest_route=\/wp\/v2\/media\/2923"}],"wp:attachment":[{"href":"http:\/\/prim-st-sauveur.ac-besancon.fr\/index.php?rest_route=%2Fwp%2Fv2%2Fmedia&parent=2926"}],"wp:term":[{"taxonomy":"category","embeddable":true,"href":"http:\/\/prim-st-sauveur.ac-besancon.fr\/index.php?rest_route=%2Fwp%2Fv2%2Fcategories&post=2926"},{"taxonomy":"post_tag","embeddable":true,"href":"http:\/\/prim-st-sauveur.ac-besancon.fr\/index.php?rest_route=%2Fwp%2Fv2%2Ftags&post=2926"}],"curies":[{"name":"wp","href":"https:\/\/api.w.org\/{rel}","templated":true}]}}