{"id":2847,"date":"2021-06-30T12:12:33","date_gmt":"2021-06-30T10:12:33","guid":{"rendered":"http:\/\/prim-st-sauveur.ac-besancon.fr\/?p=2847"},"modified":"2021-06-30T13:20:35","modified_gmt":"2021-06-30T11:20:35","slug":"nous-avons-recu-du-courrier","status":"publish","type":"post","link":"http:\/\/prim-st-sauveur.ac-besancon.fr\/?p=2847","title":{"rendered":"Nous avons re\u00e7u du courrier !!!"},"content":{"rendered":"<p>Quelle joie !! Une enveloppe pour nous dans la bo\u00eete aux lettres de l&rsquo;\u00e9cole ! <\/p>\n<p>Chaque enfant a re\u00e7u une carte color\u00e9e de son\/sa correspondant(e).<br \/>\nImm\u00e9diatement, nous avons pris nos stylos pour leur repondre ! <\/p>\n<div id='gallery-1' class='gallery galleryid-2847 gallery-columns-3 gallery-size-thumbnail'><figure class='gallery-item'>\n\t\t\t<div class='gallery-icon portrait'>\n\t\t\t\t<a href='http:\/\/prim-st-sauveur.ac-besancon.fr\/wp-content\/uploads\/sites\/21\/2021\/06\/20210604_111439.jpg' title=\"\" data-rl_title=\"\" class=\"rl-gallery-link\" data-rl_caption=\"\" data-rel=\"lightbox-gallery-1\"><img loading=\"lazy\" decoding=\"async\" width=\"150\" height=\"150\" src=\"http:\/\/prim-st-sauveur.ac-besancon.fr\/wp-content\/uploads\/sites\/21\/2021\/06\/20210604_111439-150x150.jpg\" class=\"attachment-thumbnail size-thumbnail\" alt=\"\" srcset=\"http:\/\/prim-st-sauveur.ac-besancon.fr\/wp-content\/uploads\/sites\/21\/2021\/06\/20210604_111439-150x150.jpg 150w, http:\/\/prim-st-sauveur.ac-besancon.fr\/wp-content\/uploads\/sites\/21\/2021\/06\/20210604_111439-808x800.jpg 808w\" sizes=\"auto, (max-width: 150px) 100vw, 150px\" \/><\/a>\n\t\t\t<\/div><\/figure><figure class='gallery-item'>\n\t\t\t<div class='gallery-icon portrait'>\n\t\t\t\t<a href='http:\/\/prim-st-sauveur.ac-besancon.fr\/wp-content\/uploads\/sites\/21\/2021\/06\/20210604_112851.jpg' title=\"\" data-rl_title=\"\" class=\"rl-gallery-link\" data-rl_caption=\"\" data-rel=\"lightbox-gallery-1\"><img loading=\"lazy\" decoding=\"async\" width=\"150\" height=\"150\" src=\"http:\/\/prim-st-sauveur.ac-besancon.fr\/wp-content\/uploads\/sites\/21\/2021\/06\/20210604_112851-150x150.jpg\" class=\"attachment-thumbnail size-thumbnail\" alt=\"\" srcset=\"http:\/\/prim-st-sauveur.ac-besancon.fr\/wp-content\/uploads\/sites\/21\/2021\/06\/20210604_112851-150x150.jpg 150w, http:\/\/prim-st-sauveur.ac-besancon.fr\/wp-content\/uploads\/sites\/21\/2021\/06\/20210604_112851-808x800.jpg 808w\" sizes=\"auto, (max-width: 150px) 100vw, 150px\" \/><\/a>\n\t\t\t<\/div><\/figure><figure class='gallery-item'>\n\t\t\t<div class='gallery-icon portrait'>\n\t\t\t\t<a href='http:\/\/prim-st-sauveur.ac-besancon.fr\/wp-content\/uploads\/sites\/21\/2021\/06\/20210604_112644.jpg' title=\"\" data-rl_title=\"\" class=\"rl-gallery-link\" data-rl_caption=\"\" data-rel=\"lightbox-gallery-1\"><img loading=\"lazy\" decoding=\"async\" width=\"150\" height=\"150\" src=\"http:\/\/prim-st-sauveur.ac-besancon.fr\/wp-content\/uploads\/sites\/21\/2021\/06\/20210604_112644-150x150.jpg\" class=\"attachment-thumbnail size-thumbnail\" alt=\"\" srcset=\"http:\/\/prim-st-sauveur.ac-besancon.fr\/wp-content\/uploads\/sites\/21\/2021\/06\/20210604_112644-150x150.jpg 150w, http:\/\/prim-st-sauveur.ac-besancon.fr\/wp-content\/uploads\/sites\/21\/2021\/06\/20210604_112644-808x800.jpg 808w\" sizes=\"auto, (max-width: 150px) 100vw, 150px\" \/><\/a>\n\t\t\t<\/div><\/figure><figure class='gallery-item'>\n\t\t\t<div class='gallery-icon portrait'>\n\t\t\t\t<a href='http:\/\/prim-st-sauveur.ac-besancon.fr\/wp-content\/uploads\/sites\/21\/2021\/06\/20210604_111435.jpg' title=\"\" data-rl_title=\"\" class=\"rl-gallery-link\" data-rl_caption=\"\" data-rel=\"lightbox-gallery-1\"><img loading=\"lazy\" decoding=\"async\" width=\"150\" height=\"150\" src=\"http:\/\/prim-st-sauveur.ac-besancon.fr\/wp-content\/uploads\/sites\/21\/2021\/06\/20210604_111435-150x150.jpg\" class=\"attachment-thumbnail size-thumbnail\" alt=\"\" srcset=\"http:\/\/prim-st-sauveur.ac-besancon.fr\/wp-content\/uploads\/sites\/21\/2021\/06\/20210604_111435-150x150.jpg 150w, http:\/\/prim-st-sauveur.ac-besancon.fr\/wp-content\/uploads\/sites\/21\/2021\/06\/20210604_111435-808x800.jpg 808w\" sizes=\"auto, (max-width: 150px) 100vw, 150px\" \/><\/a>\n\t\t\t<\/div><\/figure><figure class='gallery-item'>\n\t\t\t<div class='gallery-icon portrait'>\n\t\t\t\t<a href='http:\/\/prim-st-sauveur.ac-besancon.fr\/wp-content\/uploads\/sites\/21\/2021\/06\/20210604_111406.jpg' title=\"\" data-rl_title=\"\" class=\"rl-gallery-link\" data-rl_caption=\"\" data-rel=\"lightbox-gallery-1\"><img loading=\"lazy\" decoding=\"async\" width=\"150\" height=\"150\" src=\"http:\/\/prim-st-sauveur.ac-besancon.fr\/wp-content\/uploads\/sites\/21\/2021\/06\/20210604_111406-150x150.jpg\" class=\"attachment-thumbnail size-thumbnail\" alt=\"\" srcset=\"http:\/\/prim-st-sauveur.ac-besancon.fr\/wp-content\/uploads\/sites\/21\/2021\/06\/20210604_111406-150x150.jpg 150w, http:\/\/prim-st-sauveur.ac-besancon.fr\/wp-content\/uploads\/sites\/21\/2021\/06\/20210604_111406-808x800.jpg 808w\" sizes=\"auto, (max-width: 150px) 100vw, 150px\" \/><\/a>\n\t\t\t<\/div><\/figure><figure class='gallery-item'>\n\t\t\t<div class='gallery-icon portrait'>\n\t\t\t\t<a href='http:\/\/prim-st-sauveur.ac-besancon.fr\/wp-content\/uploads\/sites\/21\/2021\/06\/20210604_111427.jpg' title=\"\" data-rl_title=\"\" class=\"rl-gallery-link\" data-rl_caption=\"\" data-rel=\"lightbox-gallery-1\"><img loading=\"lazy\" decoding=\"async\" width=\"150\" height=\"150\" src=\"http:\/\/prim-st-sauveur.ac-besancon.fr\/wp-content\/uploads\/sites\/21\/2021\/06\/20210604_111427-150x150.jpg\" class=\"attachment-thumbnail size-thumbnail\" alt=\"\" srcset=\"http:\/\/prim-st-sauveur.ac-besancon.fr\/wp-content\/uploads\/sites\/21\/2021\/06\/20210604_111427-150x150.jpg 150w, http:\/\/prim-st-sauveur.ac-besancon.fr\/wp-content\/uploads\/sites\/21\/2021\/06\/20210604_111427-808x800.jpg 808w\" sizes=\"auto, (max-width: 150px) 100vw, 150px\" \/><\/a>\n\t\t\t<\/div><\/figure><figure class='gallery-item'>\n\t\t\t<div class='gallery-icon portrait'>\n\t\t\t\t<a href='http:\/\/prim-st-sauveur.ac-besancon.fr\/wp-content\/uploads\/sites\/21\/2021\/06\/20210604_111344.jpg' title=\"\" data-rl_title=\"\" class=\"rl-gallery-link\" data-rl_caption=\"\" data-rel=\"lightbox-gallery-1\"><img loading=\"lazy\" decoding=\"async\" width=\"150\" height=\"150\" src=\"http:\/\/prim-st-sauveur.ac-besancon.fr\/wp-content\/uploads\/sites\/21\/2021\/06\/20210604_111344-150x150.jpg\" class=\"attachment-thumbnail size-thumbnail\" alt=\"\" srcset=\"http:\/\/prim-st-sauveur.ac-besancon.fr\/wp-content\/uploads\/sites\/21\/2021\/06\/20210604_111344-150x150.jpg 150w, http:\/\/prim-st-sauveur.ac-besancon.fr\/wp-content\/uploads\/sites\/21\/2021\/06\/20210604_111344-808x800.jpg 808w\" sizes=\"auto, (max-width: 150px) 100vw, 150px\" \/><\/a>\n\t\t\t<\/div><\/figure><figure class='gallery-item'>\n\t\t\t<div class='gallery-icon portrait'>\n\t\t\t\t<a href='http:\/\/prim-st-sauveur.ac-besancon.fr\/wp-content\/uploads\/sites\/21\/2021\/06\/20210604_111339.jpg' title=\"\" data-rl_title=\"\" class=\"rl-gallery-link\" data-rl_caption=\"\" data-rel=\"lightbox-gallery-1\"><img loading=\"lazy\" decoding=\"async\" width=\"150\" height=\"150\" src=\"http:\/\/prim-st-sauveur.ac-besancon.fr\/wp-content\/uploads\/sites\/21\/2021\/06\/20210604_111339-150x150.jpg\" class=\"attachment-thumbnail size-thumbnail\" alt=\"\" srcset=\"http:\/\/prim-st-sauveur.ac-besancon.fr\/wp-content\/uploads\/sites\/21\/2021\/06\/20210604_111339-150x150.jpg 150w, http:\/\/prim-st-sauveur.ac-besancon.fr\/wp-content\/uploads\/sites\/21\/2021\/06\/20210604_111339-808x800.jpg 808w\" sizes=\"auto, (max-width: 150px) 100vw, 150px\" \/><\/a>\n\t\t\t<\/div><\/figure><figure class='gallery-item'>\n\t\t\t<div class='gallery-icon portrait'>\n\t\t\t\t<a href='http:\/\/prim-st-sauveur.ac-besancon.fr\/wp-content\/uploads\/sites\/21\/2021\/06\/20210604_111229.jpg' title=\"\" data-rl_title=\"\" class=\"rl-gallery-link\" data-rl_caption=\"\" data-rel=\"lightbox-gallery-1\"><img loading=\"lazy\" decoding=\"async\" width=\"150\" height=\"150\" src=\"http:\/\/prim-st-sauveur.ac-besancon.fr\/wp-content\/uploads\/sites\/21\/2021\/06\/20210604_111229-150x150.jpg\" class=\"attachment-thumbnail size-thumbnail\" alt=\"\" srcset=\"http:\/\/prim-st-sauveur.ac-besancon.fr\/wp-content\/uploads\/sites\/21\/2021\/06\/20210604_111229-150x150.jpg 150w, http:\/\/prim-st-sauveur.ac-besancon.fr\/wp-content\/uploads\/sites\/21\/2021\/06\/20210604_111229-808x800.jpg 808w\" sizes=\"auto, (max-width: 150px) 100vw, 150px\" \/><\/a>\n\t\t\t<\/div><\/figure><figure class='gallery-item'>\n\t\t\t<div class='gallery-icon portrait'>\n\t\t\t\t<a href='http:\/\/prim-st-sauveur.ac-besancon.fr\/wp-content\/uploads\/sites\/21\/2021\/06\/20210604_111222.jpg' title=\"\" data-rl_title=\"\" class=\"rl-gallery-link\" data-rl_caption=\"\" data-rel=\"lightbox-gallery-1\"><img loading=\"lazy\" decoding=\"async\" width=\"150\" height=\"150\" src=\"http:\/\/prim-st-sauveur.ac-besancon.fr\/wp-content\/uploads\/sites\/21\/2021\/06\/20210604_111222-150x150.jpg\" class=\"attachment-thumbnail size-thumbnail\" alt=\"\" srcset=\"http:\/\/prim-st-sauveur.ac-besancon.fr\/wp-content\/uploads\/sites\/21\/2021\/06\/20210604_111222-150x150.jpg 150w, http:\/\/prim-st-sauveur.ac-besancon.fr\/wp-content\/uploads\/sites\/21\/2021\/06\/20210604_111222-808x800.jpg 808w\" sizes=\"auto, (max-width: 150px) 100vw, 150px\" \/><\/a>\n\t\t\t<\/div><\/figure><figure class='gallery-item'>\n\t\t\t<div class='gallery-icon portrait'>\n\t\t\t\t<a href='http:\/\/prim-st-sauveur.ac-besancon.fr\/wp-content\/uploads\/sites\/21\/2021\/06\/20210604_111147.jpg' title=\"\" data-rl_title=\"\" class=\"rl-gallery-link\" data-rl_caption=\"\" data-rel=\"lightbox-gallery-1\"><img loading=\"lazy\" decoding=\"async\" width=\"150\" height=\"150\" src=\"http:\/\/prim-st-sauveur.ac-besancon.fr\/wp-content\/uploads\/sites\/21\/2021\/06\/20210604_111147-150x150.jpg\" class=\"attachment-thumbnail size-thumbnail\" alt=\"\" srcset=\"http:\/\/prim-st-sauveur.ac-besancon.fr\/wp-content\/uploads\/sites\/21\/2021\/06\/20210604_111147-150x150.jpg 150w, http:\/\/prim-st-sauveur.ac-besancon.fr\/wp-content\/uploads\/sites\/21\/2021\/06\/20210604_111147-808x800.jpg 808w\" sizes=\"auto, (max-width: 150px) 100vw, 150px\" \/><\/a>\n\t\t\t<\/div><\/figure><figure class='gallery-item'>\n\t\t\t<div class='gallery-icon portrait'>\n\t\t\t\t<a href='http:\/\/prim-st-sauveur.ac-besancon.fr\/wp-content\/uploads\/sites\/21\/2021\/06\/20210604_111012.jpg' title=\"\" data-rl_title=\"\" class=\"rl-gallery-link\" data-rl_caption=\"\" data-rel=\"lightbox-gallery-1\"><img loading=\"lazy\" decoding=\"async\" width=\"150\" height=\"150\" src=\"http:\/\/prim-st-sauveur.ac-besancon.fr\/wp-content\/uploads\/sites\/21\/2021\/06\/20210604_111012-150x150.jpg\" class=\"attachment-thumbnail size-thumbnail\" alt=\"\" srcset=\"http:\/\/prim-st-sauveur.ac-besancon.fr\/wp-content\/uploads\/sites\/21\/2021\/06\/20210604_111012-150x150.jpg 150w, http:\/\/prim-st-sauveur.ac-besancon.fr\/wp-content\/uploads\/sites\/21\/2021\/06\/20210604_111012-808x800.jpg 808w\" sizes=\"auto, (max-width: 150px) 100vw, 150px\" \/><\/a>\n\t\t\t<\/div><\/figure><figure class='gallery-item'>\n\t\t\t<div class='gallery-icon portrait'>\n\t\t\t\t<a href='http:\/\/prim-st-sauveur.ac-besancon.fr\/wp-content\/uploads\/sites\/21\/2021\/06\/20210604_111126.jpg' title=\"\" data-rl_title=\"\" class=\"rl-gallery-link\" data-rl_caption=\"\" data-rel=\"lightbox-gallery-1\"><img loading=\"lazy\" decoding=\"async\" width=\"150\" height=\"150\" src=\"http:\/\/prim-st-sauveur.ac-besancon.fr\/wp-content\/uploads\/sites\/21\/2021\/06\/20210604_111126-150x150.jpg\" class=\"attachment-thumbnail size-thumbnail\" alt=\"\" srcset=\"http:\/\/prim-st-sauveur.ac-besancon.fr\/wp-content\/uploads\/sites\/21\/2021\/06\/20210604_111126-150x150.jpg 150w, http:\/\/prim-st-sauveur.ac-besancon.fr\/wp-content\/uploads\/sites\/21\/2021\/06\/20210604_111126-808x800.jpg 808w\" sizes=\"auto, (max-width: 150px) 100vw, 150px\" \/><\/a>\n\t\t\t<\/div><\/figure>\n\t\t<\/div>\n\n","protected":false},"excerpt":{"rendered":"<p>Quelle joie !! Une enveloppe pour nous dans la bo\u00eete aux lettres de l&rsquo;\u00e9cole ! Chaque enfant a re\u00e7u une carte color\u00e9e de son\/sa correspondant(e). &hellip; <\/p>\n","protected":false},"author":73,"featured_media":2819,"comment_status":"closed","ping_status":"open","sticky":false,"template":"","format":"standard","meta":{"footnotes":""},"categories":[25],"tags":[],"class_list":["post-2847","post","type-post","status-publish","format-standard","has-post-thumbnail","hentry","category-classe-2"],"_links":{"self":[{"href":"http:\/\/prim-st-sauveur.ac-besancon.fr\/index.php?rest_route=\/wp\/v2\/posts\/2847","targetHints":{"allow":["GET"]}}],"collection":[{"href":"http:\/\/prim-st-sauveur.ac-besancon.fr\/index.php?rest_route=\/wp\/v2\/posts"}],"about":[{"href":"http:\/\/prim-st-sauveur.ac-besancon.fr\/index.php?rest_route=\/wp\/v2\/types\/post"}],"author":[{"embeddable":true,"href":"http:\/\/prim-st-sauveur.ac-besancon.fr\/index.php?rest_route=\/wp\/v2\/users\/73"}],"replies":[{"embeddable":true,"href":"http:\/\/prim-st-sauveur.ac-besancon.fr\/index.php?rest_route=%2Fwp%2Fv2%2Fcomments&post=2847"}],"version-history":[{"count":3,"href":"http:\/\/prim-st-sauveur.ac-besancon.fr\/index.php?rest_route=\/wp\/v2\/posts\/2847\/revisions"}],"predecessor-version":[{"id":2867,"href":"http:\/\/prim-st-sauveur.ac-besancon.fr\/index.php?rest_route=\/wp\/v2\/posts\/2847\/revisions\/2867"}],"wp:featuredmedia":[{"embeddable":true,"href":"http:\/\/prim-st-sauveur.ac-besancon.fr\/index.php?rest_route=\/wp\/v2\/media\/2819"}],"wp:attachment":[{"href":"http:\/\/prim-st-sauveur.ac-besancon.fr\/index.php?rest_route=%2Fwp%2Fv2%2Fmedia&parent=2847"}],"wp:term":[{"taxonomy":"category","embeddable":true,"href":"http:\/\/prim-st-sauveur.ac-besancon.fr\/index.php?rest_route=%2Fwp%2Fv2%2Fcategories&post=2847"},{"taxonomy":"post_tag","embeddable":true,"href":"http:\/\/prim-st-sauveur.ac-besancon.fr\/index.php?rest_route=%2Fwp%2Fv2%2Ftags&post=2847"}],"curies":[{"name":"wp","href":"https:\/\/api.w.org\/{rel}","templated":true}]}}